{"id":94,"date":"2015-07-15T09:19:16","date_gmt":"2015-07-15T09:19:16","guid":{"rendered":"http:\/\/canarieconsulting.com\/blog\/?p=94"},"modified":"2017-11-16T12:30:09","modified_gmt":"2017-11-16T12:30:09","slug":"modificata-la-ritenuta-dacconto-per-gli-autonomi","status":"publish","type":"post","link":"https:\/\/canarieconsulting.com\/blog\/fiscalita-canarie\/modificata-la-ritenuta-dacconto-per-gli-autonomi.php","title":{"rendered":"Modificata la Ritenuta d&#8217;acconto per gli Autonomi"},"content":{"rendered":"<p>Importante novit\u00e0 per tutti i liberi professionisti.<\/p>\n<p>Il 10 luglio scorso \u00e8 stato approvato dal Consiglio dei Ministri del governo spagnolo, un provvedimento che riduce la ritenuta da applicare ai redditi dei lavoratori autonomi, dal 19% al 15%.<\/p>\n<p>Per coloro che iniziano una nuova attivit\u00e0, la ritenuta da applicare per i primi due anni passa dal 9% al 7%<\/p>\n<div class=\"text_exposed_show\">\n<p>Questo \u00e8 certamente una piacevole sorpresa in quanto \u00e8 una iniezione di liquidit\u00e0 per i liberi professionisti.<\/p>\n<p>La nuova norma vale per tutte le fatture emesse dopo il 12 luglio 2015.<\/p>\n<\/div>\n","protected":false},"excerpt":{"rendered":"<p>Importante novit\u00e0 per tutti i liberi professionisti. Il 10 luglio scorso \u00e8 stato approvato dal Consiglio dei Ministri del governo spagnolo, un provvedimento che riduce la ritenuta da applicare ai redditi dei lavoratori autonomi, dal 19% al 15%. Per coloro che iniziano una nuova attivit\u00e0, la ritenuta da applicare per i primi due anni passa [&hellip;]<\/p>\n","protected":false},"author":1,"featured_media":0,"comment_status":"closed","ping_status":"closed","sticky":false,"template":"","format":"standard","meta":{"_et_pb_use_builder":"","_et_pb_old_content":"","_et_gb_content_width":""},"categories":[1],"tags":[9,10],"yoast_head":"<!-- This site is optimized with the Yoast SEO plugin v19.8 - https:\/\/yoast.com\/wordpress\/plugins\/seo\/ -->\n<title>Modificata la Ritenuta d&#039;acconto per gli Autonomi | CANARIE CONSULTING<\/title>\n<meta name=\"robots\" content=\"index, follow, max-snippet:-1, max-image-preview:large, max-video-preview:-1\" \/>\n<link rel=\"canonical\" href=\"https:\/\/canarieconsulting.com\/blog\/fiscalita-canarie\/modificata-la-ritenuta-dacconto-per-gli-autonomi.php\" \/>\n<meta property=\"og:locale\" content=\"it_IT\" \/>\n<meta property=\"og:type\" content=\"article\" \/>\n<meta property=\"og:title\" content=\"Modificata la Ritenuta d&#039;acconto per gli Autonomi | CANARIE CONSULTING\" \/>\n<meta property=\"og:description\" content=\"Importante novit\u00e0 per tutti i liberi professionisti. Il 10 luglio scorso \u00e8 stato approvato dal Consiglio dei Ministri del governo spagnolo, un provvedimento che riduce la ritenuta da applicare ai redditi dei lavoratori autonomi, dal 19% al 15%. Per coloro che iniziano una nuova attivit\u00e0, la ritenuta da applicare per i primi due anni passa [&hellip;]\" \/>\n<meta property=\"og:url\" content=\"https:\/\/canarieconsulting.com\/blog\/fiscalita-canarie\/modificata-la-ritenuta-dacconto-per-gli-autonomi.php\" \/>\n<meta property=\"og:site_name\" content=\"CANARIE CONSULTING\" \/>\n<meta property=\"article:published_time\" content=\"2015-07-15T09:19:16+00:00\" \/>\n<meta property=\"article:modified_time\" content=\"2017-11-16T12:30:09+00:00\" \/>\n<meta name=\"author\" content=\"admin\" \/>\n<meta name=\"twitter:label1\" content=\"Scritto da\" \/>\n\t<meta name=\"twitter:data1\" content=\"admin\" \/>\n<script type=\"application\/ld+json\" class=\"yoast-schema-graph\">{\"@context\":\"https:\/\/schema.org\",\"@graph\":[{\"@type\":\"Article\",\"@id\":\"https:\/\/canarieconsulting.com\/blog\/fiscalita-canarie\/modificata-la-ritenuta-dacconto-per-gli-autonomi.php#article\",\"isPartOf\":{\"@id\":\"https:\/\/canarieconsulting.com\/blog\/fiscalita-canarie\/modificata-la-ritenuta-dacconto-per-gli-autonomi.php\"},\"author\":{\"name\":\"admin\",\"@id\":\"https:\/\/canarieconsulting.com\/blog\/#\/schema\/person\/7a306a20d650f1cb92f929f30b85b26e\"},\"headline\":\"Modificata la Ritenuta d&#8217;acconto per gli Autonomi\",\"datePublished\":\"2015-07-15T09:19:16+00:00\",\"dateModified\":\"2017-11-16T12:30:09+00:00\",\"mainEntityOfPage\":{\"@id\":\"https:\/\/canarieconsulting.com\/blog\/fiscalita-canarie\/modificata-la-ritenuta-dacconto-per-gli-autonomi.php\"},\"wordCount\":87,\"publisher\":{\"@id\":\"https:\/\/canarieconsulting.com\/blog\/#organization\"},\"keywords\":[\"Canarie\",\"Spagna Continentale\"],\"articleSection\":[\"fiscalit\u00e0 canarie\"],\"inLanguage\":\"it-IT\"},{\"@type\":\"WebPage\",\"@id\":\"https:\/\/canarieconsulting.com\/blog\/fiscalita-canarie\/modificata-la-ritenuta-dacconto-per-gli-autonomi.php\",\"url\":\"https:\/\/canarieconsulting.com\/blog\/fiscalita-canarie\/modificata-la-ritenuta-dacconto-per-gli-autonomi.php\",\"name\":\"Modificata la Ritenuta d'acconto per gli Autonomi | CANARIE CONSULTING\",\"isPartOf\":{\"@id\":\"https:\/\/canarieconsulting.com\/blog\/#website\"},\"datePublished\":\"2015-07-15T09:19:16+00:00\",\"dateModified\":\"2017-11-16T12:30:09+00:00\",\"breadcrumb\":{\"@id\":\"https:\/\/canarieconsulting.com\/blog\/fiscalita-canarie\/modificata-la-ritenuta-dacconto-per-gli-autonomi.php#breadcrumb\"},\"inLanguage\":\"it-IT\",\"potentialAction\":[{\"@type\":\"ReadAction\",\"target\":[\"https:\/\/canarieconsulting.com\/blog\/fiscalita-canarie\/modificata-la-ritenuta-dacconto-per-gli-autonomi.php\"]}]},{\"@type\":\"BreadcrumbList\",\"@id\":\"https:\/\/canarieconsulting.com\/blog\/fiscalita-canarie\/modificata-la-ritenuta-dacconto-per-gli-autonomi.php#breadcrumb\",\"itemListElement\":[{\"@type\":\"ListItem\",\"position\":1,\"name\":\"Home\",\"item\":\"https:\/\/canarieconsulting.com\/blog\"},{\"@type\":\"ListItem\",\"position\":2,\"name\":\"Modificata la Ritenuta d&#8217;acconto per gli Autonomi\"}]},{\"@type\":\"WebSite\",\"@id\":\"https:\/\/canarieconsulting.com\/blog\/#website\",\"url\":\"https:\/\/canarieconsulting.com\/blog\/\",\"name\":\"CANARIE CONSULTING\",\"description\":\"Informazioni e News sulla fiscalit\u00e0 delle Isole Canarie\",\"publisher\":{\"@id\":\"https:\/\/canarieconsulting.com\/blog\/#organization\"},\"potentialAction\":[{\"@type\":\"SearchAction\",\"target\":{\"@type\":\"EntryPoint\",\"urlTemplate\":\"https:\/\/canarieconsulting.com\/blog\/?s={search_term_string}\"},\"query-input\":\"required name=search_term_string\"}],\"inLanguage\":\"it-IT\"},{\"@type\":\"Organization\",\"@id\":\"https:\/\/canarieconsulting.com\/blog\/#organization\",\"name\":\"CanarieConsulting.com\",\"url\":\"https:\/\/canarieconsulting.com\/blog\/\",\"sameAs\":[],\"logo\":{\"@type\":\"ImageObject\",\"inLanguage\":\"it-IT\",\"@id\":\"https:\/\/canarieconsulting.com\/blog\/#\/schema\/logo\/image\/\",\"url\":\"https:\/\/canarieconsulting.com\/blog\/wp-content\/uploads\/2015\/04\/canarie-tax-consulting.png\",\"contentUrl\":\"https:\/\/canarieconsulting.com\/blog\/wp-content\/uploads\/2015\/04\/canarie-tax-consulting.png\",\"width\":148,\"height\":150,\"caption\":\"CanarieConsulting.com\"},\"image\":{\"@id\":\"https:\/\/canarieconsulting.com\/blog\/#\/schema\/logo\/image\/\"}},{\"@type\":\"Person\",\"@id\":\"https:\/\/canarieconsulting.com\/blog\/#\/schema\/person\/7a306a20d650f1cb92f929f30b85b26e\",\"name\":\"admin\",\"image\":{\"@type\":\"ImageObject\",\"inLanguage\":\"it-IT\",\"@id\":\"https:\/\/canarieconsulting.com\/blog\/#\/schema\/person\/image\/\",\"url\":\"https:\/\/secure.gravatar.com\/avatar\/578b249452ab1400b6e8dbe6d5476216?s=96&d=blank&r=g\",\"contentUrl\":\"https:\/\/secure.gravatar.com\/avatar\/578b249452ab1400b6e8dbe6d5476216?s=96&d=blank&r=g\",\"caption\":\"admin\"}}]}<\/script>\n<!-- \/ Yoast SEO plugin. -->","yoast_head_json":{"title":"Modificata la Ritenuta d'acconto per gli Autonomi | CANARIE CONSULTING","robots":{"index":"index","follow":"follow","max-snippet":"max-snippet:-1","max-image-preview":"max-image-preview:large","max-video-preview":"max-video-preview:-1"},"canonical":"https:\/\/canarieconsulting.com\/blog\/fiscalita-canarie\/modificata-la-ritenuta-dacconto-per-gli-autonomi.php","og_locale":"it_IT","og_type":"article","og_title":"Modificata la Ritenuta d'acconto per gli Autonomi | CANARIE CONSULTING","og_description":"Importante novit\u00e0 per tutti i liberi professionisti. Il 10 luglio scorso \u00e8 stato approvato dal Consiglio dei Ministri del governo spagnolo, un provvedimento che riduce la ritenuta da applicare ai redditi dei lavoratori autonomi, dal 19% al 15%. Per coloro che iniziano una nuova attivit\u00e0, la ritenuta da applicare per i primi due anni passa [&hellip;]","og_url":"https:\/\/canarieconsulting.com\/blog\/fiscalita-canarie\/modificata-la-ritenuta-dacconto-per-gli-autonomi.php","og_site_name":"CANARIE CONSULTING","article_published_time":"2015-07-15T09:19:16+00:00","article_modified_time":"2017-11-16T12:30:09+00:00","author":"admin","twitter_misc":{"Scritto da":"admin"},"schema":{"@context":"https:\/\/schema.org","@graph":[{"@type":"Article","@id":"https:\/\/canarieconsulting.com\/blog\/fiscalita-canarie\/modificata-la-ritenuta-dacconto-per-gli-autonomi.php#article","isPartOf":{"@id":"https:\/\/canarieconsulting.com\/blog\/fiscalita-canarie\/modificata-la-ritenuta-dacconto-per-gli-autonomi.php"},"author":{"name":"admin","@id":"https:\/\/canarieconsulting.com\/blog\/#\/schema\/person\/7a306a20d650f1cb92f929f30b85b26e"},"headline":"Modificata la Ritenuta d&#8217;acconto per gli Autonomi","datePublished":"2015-07-15T09:19:16+00:00","dateModified":"2017-11-16T12:30:09+00:00","mainEntityOfPage":{"@id":"https:\/\/canarieconsulting.com\/blog\/fiscalita-canarie\/modificata-la-ritenuta-dacconto-per-gli-autonomi.php"},"wordCount":87,"publisher":{"@id":"https:\/\/canarieconsulting.com\/blog\/#organization"},"keywords":["Canarie","Spagna Continentale"],"articleSection":["fiscalit\u00e0 canarie"],"inLanguage":"it-IT"},{"@type":"WebPage","@id":"https:\/\/canarieconsulting.com\/blog\/fiscalita-canarie\/modificata-la-ritenuta-dacconto-per-gli-autonomi.php","url":"https:\/\/canarieconsulting.com\/blog\/fiscalita-canarie\/modificata-la-ritenuta-dacconto-per-gli-autonomi.php","name":"Modificata la Ritenuta d'acconto per gli Autonomi | CANARIE CONSULTING","isPartOf":{"@id":"https:\/\/canarieconsulting.com\/blog\/#website"},"datePublished":"2015-07-15T09:19:16+00:00","dateModified":"2017-11-16T12:30:09+00:00","breadcrumb":{"@id":"https:\/\/canarieconsulting.com\/blog\/fiscalita-canarie\/modificata-la-ritenuta-dacconto-per-gli-autonomi.php#breadcrumb"},"inLanguage":"it-IT","potentialAction":[{"@type":"ReadAction","target":["https:\/\/canarieconsulting.com\/blog\/fiscalita-canarie\/modificata-la-ritenuta-dacconto-per-gli-autonomi.php"]}]},{"@type":"BreadcrumbList","@id":"https:\/\/canarieconsulting.com\/blog\/fiscalita-canarie\/modificata-la-ritenuta-dacconto-per-gli-autonomi.php#breadcrumb","itemListElement":[{"@type":"ListItem","position":1,"name":"Home","item":"https:\/\/canarieconsulting.com\/blog"},{"@type":"ListItem","position":2,"name":"Modificata la Ritenuta d&#8217;acconto per gli Autonomi"}]},{"@type":"WebSite","@id":"https:\/\/canarieconsulting.com\/blog\/#website","url":"https:\/\/canarieconsulting.com\/blog\/","name":"CANARIE CONSULTING","description":"Informazioni e News sulla fiscalit\u00e0 delle Isole Canarie","publisher":{"@id":"https:\/\/canarieconsulting.com\/blog\/#organization"},"potentialAction":[{"@type":"SearchAction","target":{"@type":"EntryPoint","urlTemplate":"https:\/\/canarieconsulting.com\/blog\/?s={search_term_string}"},"query-input":"required name=search_term_string"}],"inLanguage":"it-IT"},{"@type":"Organization","@id":"https:\/\/canarieconsulting.com\/blog\/#organization","name":"CanarieConsulting.com","url":"https:\/\/canarieconsulting.com\/blog\/","sameAs":[],"logo":{"@type":"ImageObject","inLanguage":"it-IT","@id":"https:\/\/canarieconsulting.com\/blog\/#\/schema\/logo\/image\/","url":"https:\/\/canarieconsulting.com\/blog\/wp-content\/uploads\/2015\/04\/canarie-tax-consulting.png","contentUrl":"https:\/\/canarieconsulting.com\/blog\/wp-content\/uploads\/2015\/04\/canarie-tax-consulting.png","width":148,"height":150,"caption":"CanarieConsulting.com"},"image":{"@id":"https:\/\/canarieconsulting.com\/blog\/#\/schema\/logo\/image\/"}},{"@type":"Person","@id":"https:\/\/canarieconsulting.com\/blog\/#\/schema\/person\/7a306a20d650f1cb92f929f30b85b26e","name":"admin","image":{"@type":"ImageObject","inLanguage":"it-IT","@id":"https:\/\/canarieconsulting.com\/blog\/#\/schema\/person\/image\/","url":"https:\/\/secure.gravatar.com\/avatar\/578b249452ab1400b6e8dbe6d5476216?s=96&d=blank&r=g","contentUrl":"https:\/\/secure.gravatar.com\/avatar\/578b249452ab1400b6e8dbe6d5476216?s=96&d=blank&r=g","caption":"admin"}}]}},"_links":{"self":[{"href":"https:\/\/canarieconsulting.com\/blog\/wp-json\/wp\/v2\/posts\/94"}],"collection":[{"href":"https:\/\/canarieconsulting.com\/blog\/wp-json\/wp\/v2\/posts"}],"about":[{"href":"https:\/\/canarieconsulting.com\/blog\/wp-json\/wp\/v2\/types\/post"}],"author":[{"embeddable":true,"href":"https:\/\/canarieconsulting.com\/blog\/wp-json\/wp\/v2\/users\/1"}],"replies":[{"embeddable":true,"href":"https:\/\/canarieconsulting.com\/blog\/wp-json\/wp\/v2\/comments?post=94"}],"version-history":[{"count":2,"href":"https:\/\/canarieconsulting.com\/blog\/wp-json\/wp\/v2\/posts\/94\/revisions"}],"predecessor-version":[{"id":96,"href":"https:\/\/canarieconsulting.com\/blog\/wp-json\/wp\/v2\/posts\/94\/revisions\/96"}],"wp:attachment":[{"href":"https:\/\/canarieconsulting.com\/blog\/wp-json\/wp\/v2\/media?parent=94"}],"wp:term":[{"taxonomy":"category","embeddable":true,"href":"https:\/\/canarieconsulting.com\/blog\/wp-json\/wp\/v2\/categories?post=94"},{"taxonomy":"post_tag","embeddable":true,"href":"https:\/\/canarieconsulting.com\/blog\/wp-json\/wp\/v2\/tags?post=94"}],"curies":[{"name":"wp","href":"https:\/\/api.w.org\/{rel}","templated":true}]}}